{"id":13560,"date":"2016-05-15T10:23:01","date_gmt":"2016-05-15T10:23:01","guid":{"rendered":"https:\/\/sitandheat.com\/?p=13560"},"modified":"2024-05-23T10:24:11","modified_gmt":"2024-05-23T10:24:11","slug":"heracles-almelo-stadium-forst-i-varlden-med-uppvarmda-affarssaten","status":"publish","type":"post","link":"https:\/\/sitandheat.com\/se\/inspiratie\/stadion-heracles-almelo-eerste-ter-wereld-met-verwarmde-business-seats\/","title":{"rendered":"Heracles Almelo"},"content":{"rendered":"<p><strong>Almelo februari 2016 - Heracles Almelos ombyggda stadion har nu varit i bruk i n\u00e5gra m\u00e5nader. Genom att installera en andra ring p\u00e5 arenan har Heracles Almelo \u00f6kat sin kapacitet fr\u00e5n 8.500 \u00e5sk\u00e5dare till 12.080. \"Sponsorerna betalade tidigare mycket pengar f\u00f6r att f\u00e5 sitta p\u00e5 plastbaljor\", s\u00e4ger Rob Toussaint, Heracles Almelos kommersiella direkt\u00f6r. \"Nu har vi g\u00e5tt \u00e5t helt andra h\u00e5llet och investerar i komfort och upplevelse.\"<\/strong><\/p>\n\n\n\n<p><strong>Vi investerar i komfort<br><\/strong>Heracles Almelo har p\u00e5 olika s\u00e4tt sett till att supportrarna kan njuta av en match p\u00e5 ett mer bekv\u00e4mt s\u00e4tt. \"Supportrarna kan l\u00e4ttare f\u00e5 tag p\u00e5 mat och dryck utan att f\u00f6rlora matchen ur sikte\", s\u00e4ger Rob. \"S\u00e4tena har flyttats l\u00e4ngre ifr\u00e5n varandra, skyboxarna \u00e4r mycket rymliga, aff\u00e4rsomr\u00e5det har blivit otroligt vackert och de lyxiga aff\u00e4rss\u00e4tena \u00e4r uppv\u00e4rmda med Sit &amp; Heat.\"<\/p>\n\n\n\n<figure class=\"wp-block-image size-full\"><img loading=\"lazy\" decoding=\"async\" width=\"920\" height=\"600\" src=\"https:\/\/sitandheat.com\/wp-content\/uploads\/2024\/05\/Rob-Toussaint.png\" alt=\"\" class=\"wp-image-13562\" srcset=\"https:\/\/sitandheat.com\/wp-content\/uploads\/2024\/05\/Rob-Toussaint.png 920w, https:\/\/sitandheat.com\/wp-content\/uploads\/2024\/05\/Rob-Toussaint-300x196.png 300w, https:\/\/sitandheat.com\/wp-content\/uploads\/2024\/05\/Rob-Toussaint-768x501.png 768w, https:\/\/sitandheat.com\/wp-content\/uploads\/2024\/05\/Rob-Toussaint-18x12.png 18w, https:\/\/sitandheat.com\/wp-content\/uploads\/2024\/05\/Rob-Toussaint-600x391.png 600w\" sizes=\"auto, (max-width: 920px) 100vw, 920px\" \/><\/figure>\n\n\n\n<p><strong>H\u00e5llbar uppv\u00e4rmning<br><\/strong>\"Sit &amp; Heat \u00e4r inte bara mycket bekv\u00e4mt, det \u00e4r ocks\u00e5 mycket mer h\u00e5llbart\", s\u00e4ger Rob Toussaint. \"Jag \u00e4r ingen stor anh\u00e4ngare av v\u00e4rmeelement. Du v\u00e4rmer upp en massa luft runt den och i slut\u00e4ndan k\u00e4nner du ingenting om du sitter lite till h\u00f6ger eller v\u00e4nster om den. Reaktionerna p\u00e5 Sit &amp; Heat \u00e4r mycket positiva, folk \u00e4lskar det! N\u00e4r en sponsor v\u00e4ljer Sit &amp; Heat f\u00e5r han eller hon ocks\u00e5 f\u00f6retagets logotyp p\u00e5 stolen. Jag f\u00f6rv\u00e4ntar mig att fler och fler sponsorer kommer att v\u00e4lja detta\".<\/p>\n\n\n\n<figure class=\"wp-block-image size-large\"><img loading=\"lazy\" decoding=\"async\" width=\"1024\" height=\"553\" src=\"https:\/\/sitandheat.com\/wp-content\/uploads\/2024\/05\/Heracles-stoelen-5-1024x553.png\" alt=\"\" class=\"wp-image-13563\" srcset=\"https:\/\/sitandheat.com\/wp-content\/uploads\/2024\/05\/Heracles-stoelen-5-1024x553.png 1024w, https:\/\/sitandheat.com\/wp-content\/uploads\/2024\/05\/Heracles-stoelen-5-300x162.png 300w, https:\/\/sitandheat.com\/wp-content\/uploads\/2024\/05\/Heracles-stoelen-5-768x415.png 768w, https:\/\/sitandheat.com\/wp-content\/uploads\/2024\/05\/Heracles-stoelen-5-1536x829.png 1536w, https:\/\/sitandheat.com\/wp-content\/uploads\/2024\/05\/Heracles-stoelen-5-18x10.png 18w, https:\/\/sitandheat.com\/wp-content\/uploads\/2024\/05\/Heracles-stoelen-5-600x324.png 600w, https:\/\/sitandheat.com\/wp-content\/uploads\/2024\/05\/Heracles-stoelen-5.png 2000w\" sizes=\"auto, (max-width: 1024px) 100vw, 1024px\" \/><\/figure>\n\n\n\n<p><strong>En klubb med resultat<br><\/strong>Den extra investeringen i komfort har redan resulterat i en betydande \u00f6kning av cateringoms\u00e4ttningen f\u00f6r Heracles Almelo. \u00c4ven bes\u00f6karantalet har \u00f6kat p\u00e5 ett positivt s\u00e4tt. \"S\u00e5 fantastiskt vackert det har blivit, verkligen fantastiskt\", \u00e4r n\u00e5got som Rob ofta f\u00e5r h\u00f6ra. F\u00f6r n\u00e4rvarande \u00e4r Herakles Almelos m\u00e5l att beh\u00e5lla den extra oms\u00e4ttningen och de extra bes\u00f6karna. \"Att s\u00e4tta Heracles Almelo p\u00e5 kartan\", s\u00e4ger Rob. \"Som en Premier League-klubb n\u00e4ra hemmet, med en v\u00e4nlig atmosf\u00e4r. En klubb d\u00e4r bes\u00f6karna blir underh\u00e5llna, d\u00e4r barnen f\u00e5r spela fotboll p\u00e5 planen efter matchen och d\u00e4r supportrarna kan njuta av en match p\u00e5 ett bekv\u00e4mt s\u00e4tt.\"<\/p>","protected":false},"excerpt":{"rendered":"<p>Heracles Almelos ombyggda stadion har nu varit i bruk i n\u00e5gra m\u00e5nader. Genom att installera en andra ring p\u00e5 arenan har Heracles Almelo \u00f6kat sin kapacitet fr\u00e5n 8.500 \u00e5sk\u00e5dare till 12.080. <\/p>","protected":false},"author":5,"featured_media":13563,"comment_status":"open","ping_status":"open","sticky":false,"template":"","format":"standard","meta":{"_acf_changed":false,"content-type":"","inline_featured_image":false,"_jetpack_memberships_contains_paid_content":false,"footnotes":""},"categories":[3],"tags":[],"class_list":["post-13560","post","type-post","status-publish","format-standard","has-post-thumbnail","hentry","category-inspiratie"],"acf":[],"yoast_head":"<!-- This site is optimized with the Yoast SEO plugin v27.4 - https:\/\/yoast.com\/product\/yoast-seo-wordpress\/ -->\n<title>Heracles Almelo - Sit &amp; Heat<\/title>\n<meta name=\"robots\" content=\"index, follow, max-snippet:-1, max-image-preview:large, max-video-preview:-1\" \/>\n<link rel=\"canonical\" href=\"https:\/\/sitandheat.com\/se\/inspiration\/heracles-almelo-stadium-forst-i-varlden-med-uppvarmda-affarssaten\/\" \/>\n<meta property=\"og:locale\" content=\"sv_SE\" \/>\n<meta property=\"og:type\" content=\"article\" \/>\n<meta property=\"og:title\" content=\"Heracles Almelo - Sit &amp; Heat\" \/>\n<meta property=\"og:description\" content=\"Het vernieuwde stadion van Heracles Almelo is inmiddels al een paar maanden in gebruik. Door de plaatsing van een tweede ring op het stadion heeft Heracles Almelo de capaciteit verhoogd van 8500 toeschouwers naar 12.080.\" \/>\n<meta property=\"og:url\" content=\"https:\/\/sitandheat.com\/se\/inspiration\/heracles-almelo-stadium-forst-i-varlden-med-uppvarmda-affarssaten\/\" \/>\n<meta property=\"og:site_name\" content=\"Sit &amp; Heat\" \/>\n<meta property=\"article:publisher\" content=\"https:\/\/www.facebook.com\/SitandHeat\" \/>\n<meta property=\"article:published_time\" content=\"2016-05-15T10:23:01+00:00\" \/>\n<meta property=\"article:modified_time\" content=\"2024-05-23T10:24:11+00:00\" \/>\n<meta property=\"og:image\" content=\"https:\/\/sitandheat.com\/wp-content\/uploads\/2024\/05\/Heracles-stoelen-5-1024x553.png\" \/>\n\t<meta property=\"og:image:width\" content=\"1024\" \/>\n\t<meta property=\"og:image:height\" content=\"553\" \/>\n\t<meta property=\"og:image:type\" content=\"image\/png\" \/>\n<meta name=\"author\" content=\"jorg\" \/>\n<meta name=\"twitter:card\" content=\"summary_large_image\" \/>\n<meta name=\"twitter:label1\" content=\"Skriven av\" \/>\n\t<meta name=\"twitter:data1\" content=\"jorg\" \/>\n\t<meta name=\"twitter:label2\" content=\"Ber\u00e4knad l\u00e4stid\" \/>\n\t<meta name=\"twitter:data2\" content=\"3 minuter\" \/>\n<script type=\"application\/ld+json\" class=\"yoast-schema-graph\">{\"@context\":\"https:\\\/\\\/schema.org\",\"@graph\":[{\"@type\":\"Article\",\"@id\":\"https:\\\/\\\/sitandheat.com\\\/inspiratie\\\/stadion-heracles-almelo-eerste-ter-wereld-met-verwarmde-business-seats\\\/#article\",\"isPartOf\":{\"@id\":\"https:\\\/\\\/sitandheat.com\\\/inspiratie\\\/stadion-heracles-almelo-eerste-ter-wereld-met-verwarmde-business-seats\\\/\"},\"author\":{\"name\":\"jorg\",\"@id\":\"https:\\\/\\\/sitandheat.com\\\/#\\\/schema\\\/person\\\/dca2ae2a75136189b27066b1a0390885\"},\"headline\":\"Heracles Almelo\",\"datePublished\":\"2016-05-15T10:23:01+00:00\",\"dateModified\":\"2024-05-23T10:24:11+00:00\",\"mainEntityOfPage\":{\"@id\":\"https:\\\/\\\/sitandheat.com\\\/inspiratie\\\/stadion-heracles-almelo-eerste-ter-wereld-met-verwarmde-business-seats\\\/\"},\"wordCount\":335,\"commentCount\":0,\"publisher\":{\"@id\":\"https:\\\/\\\/sitandheat.com\\\/#organization\"},\"image\":{\"@id\":\"https:\\\/\\\/sitandheat.com\\\/inspiratie\\\/stadion-heracles-almelo-eerste-ter-wereld-met-verwarmde-business-seats\\\/#primaryimage\"},\"thumbnailUrl\":\"https:\\\/\\\/sitandheat.com\\\/wp-content\\\/uploads\\\/2024\\\/05\\\/Heracles-stoelen-5.png\",\"articleSection\":[\"Inspiratie\"],\"inLanguage\":\"sv-SE\",\"potentialAction\":[{\"@type\":\"CommentAction\",\"name\":\"Comment\",\"target\":[\"https:\\\/\\\/sitandheat.com\\\/inspiratie\\\/stadion-heracles-almelo-eerste-ter-wereld-met-verwarmde-business-seats\\\/#respond\"]}]},{\"@type\":\"WebPage\",\"@id\":\"https:\\\/\\\/sitandheat.com\\\/inspiratie\\\/stadion-heracles-almelo-eerste-ter-wereld-met-verwarmde-business-seats\\\/\",\"url\":\"https:\\\/\\\/sitandheat.com\\\/inspiratie\\\/stadion-heracles-almelo-eerste-ter-wereld-met-verwarmde-business-seats\\\/\",\"name\":\"Heracles Almelo - Sit &amp; Heat\",\"isPartOf\":{\"@id\":\"https:\\\/\\\/sitandheat.com\\\/#website\"},\"primaryImageOfPage\":{\"@id\":\"https:\\\/\\\/sitandheat.com\\\/inspiratie\\\/stadion-heracles-almelo-eerste-ter-wereld-met-verwarmde-business-seats\\\/#primaryimage\"},\"image\":{\"@id\":\"https:\\\/\\\/sitandheat.com\\\/inspiratie\\\/stadion-heracles-almelo-eerste-ter-wereld-met-verwarmde-business-seats\\\/#primaryimage\"},\"thumbnailUrl\":\"https:\\\/\\\/sitandheat.com\\\/wp-content\\\/uploads\\\/2024\\\/05\\\/Heracles-stoelen-5.png\",\"datePublished\":\"2016-05-15T10:23:01+00:00\",\"dateModified\":\"2024-05-23T10:24:11+00:00\",\"breadcrumb\":{\"@id\":\"https:\\\/\\\/sitandheat.com\\\/inspiratie\\\/stadion-heracles-almelo-eerste-ter-wereld-met-verwarmde-business-seats\\\/#breadcrumb\"},\"inLanguage\":\"sv-SE\",\"potentialAction\":[{\"@type\":\"ReadAction\",\"target\":[\"https:\\\/\\\/sitandheat.com\\\/inspiratie\\\/stadion-heracles-almelo-eerste-ter-wereld-met-verwarmde-business-seats\\\/\"]}]},{\"@type\":\"ImageObject\",\"inLanguage\":\"sv-SE\",\"@id\":\"https:\\\/\\\/sitandheat.com\\\/inspiratie\\\/stadion-heracles-almelo-eerste-ter-wereld-met-verwarmde-business-seats\\\/#primaryimage\",\"url\":\"https:\\\/\\\/sitandheat.com\\\/wp-content\\\/uploads\\\/2024\\\/05\\\/Heracles-stoelen-5.png\",\"contentUrl\":\"https:\\\/\\\/sitandheat.com\\\/wp-content\\\/uploads\\\/2024\\\/05\\\/Heracles-stoelen-5.png\",\"width\":2000,\"height\":1080},{\"@type\":\"BreadcrumbList\",\"@id\":\"https:\\\/\\\/sitandheat.com\\\/inspiratie\\\/stadion-heracles-almelo-eerste-ter-wereld-met-verwarmde-business-seats\\\/#breadcrumb\",\"itemListElement\":[{\"@type\":\"ListItem\",\"position\":1,\"name\":\"Home\",\"item\":\"https:\\\/\\\/sitandheat.com\\\/\"},{\"@type\":\"ListItem\",\"position\":2,\"name\":\"Heracles Almelo\"}]},{\"@type\":\"WebSite\",\"@id\":\"https:\\\/\\\/sitandheat.com\\\/#website\",\"url\":\"https:\\\/\\\/sitandheat.com\\\/\",\"name\":\"Sit &amp; Heat\",\"description\":\"Slimme warmtekussens in jouw stijl\",\"publisher\":{\"@id\":\"https:\\\/\\\/sitandheat.com\\\/#organization\"},\"potentialAction\":[{\"@type\":\"SearchAction\",\"target\":{\"@type\":\"EntryPoint\",\"urlTemplate\":\"https:\\\/\\\/sitandheat.com\\\/?s={search_term_string}\"},\"query-input\":{\"@type\":\"PropertyValueSpecification\",\"valueRequired\":true,\"valueName\":\"search_term_string\"}}],\"inLanguage\":\"sv-SE\"},{\"@type\":\"Organization\",\"@id\":\"https:\\\/\\\/sitandheat.com\\\/#organization\",\"name\":\"Sit &amp; Heat\",\"url\":\"https:\\\/\\\/sitandheat.com\\\/\",\"logo\":{\"@type\":\"ImageObject\",\"inLanguage\":\"sv-SE\",\"@id\":\"https:\\\/\\\/sitandheat.com\\\/#\\\/schema\\\/logo\\\/image\\\/\",\"url\":\"https:\\\/\\\/sitandheat.com\\\/wp-content\\\/uploads\\\/2023\\\/11\\\/SH_LogoWit-1.svg\",\"contentUrl\":\"https:\\\/\\\/sitandheat.com\\\/wp-content\\\/uploads\\\/2023\\\/11\\\/SH_LogoWit-1.svg\",\"width\":\"1024\",\"height\":\"1024\",\"caption\":\"Sit &amp; Heat\"},\"image\":{\"@id\":\"https:\\\/\\\/sitandheat.com\\\/#\\\/schema\\\/logo\\\/image\\\/\"},\"sameAs\":[\"https:\\\/\\\/www.facebook.com\\\/SitandHeat\"]},{\"@type\":\"Person\",\"@id\":\"https:\\\/\\\/sitandheat.com\\\/#\\\/schema\\\/person\\\/dca2ae2a75136189b27066b1a0390885\",\"name\":\"jorg\",\"url\":\"https:\\\/\\\/sitandheat.com\\\/se\\\/author\\\/jorg-rijkschroeff\\\/\"}]}<\/script>\n<!-- \/ Yoast SEO plugin. -->","yoast_head_json":{"title":"Heracles Almelo - Sit &amp; Heat","robots":{"index":"index","follow":"follow","max-snippet":"max-snippet:-1","max-image-preview":"max-image-preview:large","max-video-preview":"max-video-preview:-1"},"canonical":"https:\/\/sitandheat.com\/se\/inspiration\/heracles-almelo-stadium-forst-i-varlden-med-uppvarmda-affarssaten\/","og_locale":"sv_SE","og_type":"article","og_title":"Heracles Almelo - Sit &amp; Heat","og_description":"Het vernieuwde stadion van Heracles Almelo is inmiddels al een paar maanden in gebruik. Door de plaatsing van een tweede ring op het stadion heeft Heracles Almelo de capaciteit verhoogd van 8500 toeschouwers naar 12.080.","og_url":"https:\/\/sitandheat.com\/se\/inspiration\/heracles-almelo-stadium-forst-i-varlden-med-uppvarmda-affarssaten\/","og_site_name":"Sit &amp; Heat","article_publisher":"https:\/\/www.facebook.com\/SitandHeat","article_published_time":"2016-05-15T10:23:01+00:00","article_modified_time":"2024-05-23T10:24:11+00:00","og_image":[{"width":1024,"height":553,"url":"https:\/\/sitandheat.com\/wp-content\/uploads\/2024\/05\/Heracles-stoelen-5-1024x553.png","type":"image\/png"}],"author":"jorg","twitter_card":"summary_large_image","twitter_misc":{"Skriven av":"jorg","Ber\u00e4knad l\u00e4stid":"3 minuter"},"schema":{"@context":"https:\/\/schema.org","@graph":[{"@type":"Article","@id":"https:\/\/sitandheat.com\/inspiratie\/stadion-heracles-almelo-eerste-ter-wereld-met-verwarmde-business-seats\/#article","isPartOf":{"@id":"https:\/\/sitandheat.com\/inspiratie\/stadion-heracles-almelo-eerste-ter-wereld-met-verwarmde-business-seats\/"},"author":{"name":"jorg","@id":"https:\/\/sitandheat.com\/#\/schema\/person\/dca2ae2a75136189b27066b1a0390885"},"headline":"Heracles Almelo","datePublished":"2016-05-15T10:23:01+00:00","dateModified":"2024-05-23T10:24:11+00:00","mainEntityOfPage":{"@id":"https:\/\/sitandheat.com\/inspiratie\/stadion-heracles-almelo-eerste-ter-wereld-met-verwarmde-business-seats\/"},"wordCount":335,"commentCount":0,"publisher":{"@id":"https:\/\/sitandheat.com\/#organization"},"image":{"@id":"https:\/\/sitandheat.com\/inspiratie\/stadion-heracles-almelo-eerste-ter-wereld-met-verwarmde-business-seats\/#primaryimage"},"thumbnailUrl":"https:\/\/sitandheat.com\/wp-content\/uploads\/2024\/05\/Heracles-stoelen-5.png","articleSection":["Inspiratie"],"inLanguage":"sv-SE","potentialAction":[{"@type":"CommentAction","name":"Comment","target":["https:\/\/sitandheat.com\/inspiratie\/stadion-heracles-almelo-eerste-ter-wereld-met-verwarmde-business-seats\/#respond"]}]},{"@type":"WebPage","@id":"https:\/\/sitandheat.com\/inspiratie\/stadion-heracles-almelo-eerste-ter-wereld-met-verwarmde-business-seats\/","url":"https:\/\/sitandheat.com\/inspiratie\/stadion-heracles-almelo-eerste-ter-wereld-met-verwarmde-business-seats\/","name":"Heracles Almelo - Sit &amp; Heat","isPartOf":{"@id":"https:\/\/sitandheat.com\/#website"},"primaryImageOfPage":{"@id":"https:\/\/sitandheat.com\/inspiratie\/stadion-heracles-almelo-eerste-ter-wereld-met-verwarmde-business-seats\/#primaryimage"},"image":{"@id":"https:\/\/sitandheat.com\/inspiratie\/stadion-heracles-almelo-eerste-ter-wereld-met-verwarmde-business-seats\/#primaryimage"},"thumbnailUrl":"https:\/\/sitandheat.com\/wp-content\/uploads\/2024\/05\/Heracles-stoelen-5.png","datePublished":"2016-05-15T10:23:01+00:00","dateModified":"2024-05-23T10:24:11+00:00","breadcrumb":{"@id":"https:\/\/sitandheat.com\/inspiratie\/stadion-heracles-almelo-eerste-ter-wereld-met-verwarmde-business-seats\/#breadcrumb"},"inLanguage":"sv-SE","potentialAction":[{"@type":"ReadAction","target":["https:\/\/sitandheat.com\/inspiratie\/stadion-heracles-almelo-eerste-ter-wereld-met-verwarmde-business-seats\/"]}]},{"@type":"ImageObject","inLanguage":"sv-SE","@id":"https:\/\/sitandheat.com\/inspiratie\/stadion-heracles-almelo-eerste-ter-wereld-met-verwarmde-business-seats\/#primaryimage","url":"https:\/\/sitandheat.com\/wp-content\/uploads\/2024\/05\/Heracles-stoelen-5.png","contentUrl":"https:\/\/sitandheat.com\/wp-content\/uploads\/2024\/05\/Heracles-stoelen-5.png","width":2000,"height":1080},{"@type":"BreadcrumbList","@id":"https:\/\/sitandheat.com\/inspiratie\/stadion-heracles-almelo-eerste-ter-wereld-met-verwarmde-business-seats\/#breadcrumb","itemListElement":[{"@type":"ListItem","position":1,"name":"Home","item":"https:\/\/sitandheat.com\/"},{"@type":"ListItem","position":2,"name":"Heracles Almelo"}]},{"@type":"WebSite","@id":"https:\/\/sitandheat.com\/#website","url":"https:\/\/sitandheat.com\/","name":"Sitt och v\u00e4rm","description":"Smarta v\u00e4rmedynor i din stil","publisher":{"@id":"https:\/\/sitandheat.com\/#organization"},"potentialAction":[{"@type":"SearchAction","target":{"@type":"EntryPoint","urlTemplate":"https:\/\/sitandheat.com\/?s={search_term_string}"},"query-input":{"@type":"PropertyValueSpecification","valueRequired":true,"valueName":"search_term_string"}}],"inLanguage":"sv-SE"},{"@type":"Organization","@id":"https:\/\/sitandheat.com\/#organization","name":"Sitt och v\u00e4rm","url":"https:\/\/sitandheat.com\/","logo":{"@type":"ImageObject","inLanguage":"sv-SE","@id":"https:\/\/sitandheat.com\/#\/schema\/logo\/image\/","url":"https:\/\/sitandheat.com\/wp-content\/uploads\/2023\/11\/SH_LogoWit-1.svg","contentUrl":"https:\/\/sitandheat.com\/wp-content\/uploads\/2023\/11\/SH_LogoWit-1.svg","width":"1024","height":"1024","caption":"Sit &amp; Heat"},"image":{"@id":"https:\/\/sitandheat.com\/#\/schema\/logo\/image\/"},"sameAs":["https:\/\/www.facebook.com\/SitandHeat"]},{"@type":"Person","@id":"https:\/\/sitandheat.com\/#\/schema\/person\/dca2ae2a75136189b27066b1a0390885","name":"Jorg","url":"https:\/\/sitandheat.com\/se\/author\/jorg-rijkschroeff\/"}]}},"jetpack_featured_media_url":"https:\/\/sitandheat.com\/wp-content\/uploads\/2024\/05\/Heracles-stoelen-5.png","jetpack_sharing_enabled":true,"_links":{"self":[{"href":"https:\/\/sitandheat.com\/se\/wp-json\/wp\/v2\/posts\/13560","targetHints":{"allow":["GET"]}}],"collection":[{"href":"https:\/\/sitandheat.com\/se\/wp-json\/wp\/v2\/posts"}],"about":[{"href":"https:\/\/sitandheat.com\/se\/wp-json\/wp\/v2\/types\/post"}],"author":[{"embeddable":true,"href":"https:\/\/sitandheat.com\/se\/wp-json\/wp\/v2\/users\/5"}],"replies":[{"embeddable":true,"href":"https:\/\/sitandheat.com\/se\/wp-json\/wp\/v2\/comments?post=13560"}],"version-history":[{"count":2,"href":"https:\/\/sitandheat.com\/se\/wp-json\/wp\/v2\/posts\/13560\/revisions"}],"predecessor-version":[{"id":13566,"href":"https:\/\/sitandheat.com\/se\/wp-json\/wp\/v2\/posts\/13560\/revisions\/13566"}],"wp:featuredmedia":[{"embeddable":true,"href":"https:\/\/sitandheat.com\/se\/wp-json\/wp\/v2\/media\/13563"}],"wp:attachment":[{"href":"https:\/\/sitandheat.com\/se\/wp-json\/wp\/v2\/media?parent=13560"}],"wp:term":[{"taxonomy":"category","embeddable":true,"href":"https:\/\/sitandheat.com\/se\/wp-json\/wp\/v2\/categories?post=13560"},{"taxonomy":"post_tag","embeddable":true,"href":"https:\/\/sitandheat.com\/se\/wp-json\/wp\/v2\/tags?post=13560"}],"curies":[{"name":"wp","href":"https:\/\/api.w.org\/{rel}","templated":true}]}}